{"id":450,"date":"2025-07-28T13:57:34","date_gmt":"2025-07-28T16:57:34","guid":{"rendered":"https:\/\/regencycontabil.com.br\/blog\/?p=450"},"modified":"2025-07-28T13:57:36","modified_gmt":"2025-07-28T16:57:36","slug":"reforma-tributaria-o-fim-do-pesadelo-fiscal-brasileiro","status":"publish","type":"post","link":"https:\/\/regencycontabil.com.br\/blog\/2025\/07\/reforma-tributaria-o-fim-do-pesadelo-fiscal-brasileiro\/","title":{"rendered":"Reforma tribut\u00e1ria: o fim do pesadelo fiscal brasileiro"},"content":{"rendered":"\n<p>H\u00e1 90 anos, Get\u00falio Vargas olhou para o sistema tribut\u00e1rio brasileiro e pensou: &#8220;Que tal complicarmos isso um pouquinho mais?&#8221; Como se fosse poss\u00edvel. A reforma tribut\u00e1ria de 2023 finalmente disse: &#8220;Chega.&#8221; E n\u00e3o foi por educa\u00e7\u00e3o.<\/p>\n\n\n\n<p>Se voc\u00ea \u00e9 empres\u00e1rio e sente que entender impostos no Brasil \u00e9 como decifrar hier\u00f3glifos eg\u00edpcios depois de tr\u00eas doses de cacha\u00e7a, enquanto algu\u00e9m grita instru\u00e7\u00f5es contradit\u00f3rias no seu ouvido, respire fundo. Talvez pela primeira vez em d\u00e9cadas, h\u00e1 motivo para esperan\u00e7a. Ou pelo menos para uma calculadora que funcione sem terapia.<\/p>\n\n\n\n<p><a href=\"https:\/\/www.gov.br\/fazenda\/pt-br\/acesso-a-informacao\/acoes-e-programas\/reforma-tributaria\">A maior transforma\u00e7\u00e3o fiscal<\/a> desde o Estado Novo est\u00e1 chegando, e desta vez pasmem para simplificar a vida, n\u00e3o para complic\u00e1-la ainda mais. \u00c9 quase como se algu\u00e9m tivesse descoberto que sistemas simples n\u00e3o s\u00e3o sin\u00f4nimo de incompet\u00eancia governamental. Quem diria.<\/p>\n\n\n\n<h2 class=\"wp-block-heading\">O Brasil Decidiu Crescer (Finalmente, Mas Com Ressalvas)<\/h2>\n\n\n\n<p>A Emenda Constitucional 132\/2023 n\u00e3o \u00e9 apenas mais uma mudan\u00e7a de regras. \u00c9 uma declara\u00e7\u00e3o de independ\u00eancia fiscal. Ou, numa leitura mais c\u00e9tica, a admiss\u00e3o p\u00fablica de que nosso sistema anterior era t\u00e3o funcional quanto um guarda-chuva de papel mach\u00ea durante temporal.<\/p>\n\n\n\n<p>Depois de d\u00e9cadas convivendo com um sistema que fazia a Receita Federal parecer um escape room mal projetado por sadistas em crise existencial, o pa\u00eds resolveu adotar o que mais de 100 pa\u00edses j\u00e1 descobriram: tributos simples funcionam melhor que labirintos burocr\u00e1ticos. Revolucion\u00e1rio, n\u00e3o? Quase como descobrir que a roda \u00e9 redonda.<\/p>\n\n\n\n<p>A reforma tribut\u00e1ria brasileira promete acabar com velhos conhecidos como PIS, Cofins, ICMS, ISS e praticamente todo o IPI. Uma despedida que ningu\u00e9m vai chorar, exceto os escrit\u00f3rios especializados em explicar o inexplic\u00e1vel. Em seu lugar, chegam dois novos protagonistas: CBS (Contribui\u00e7\u00e3o sobre Bens e Servi\u00e7os) e IBS (Imposto sobre Bens e Servi\u00e7os). \u00c9 como trocar uma orquestra desafinada por um dueto afinado. Simples assim. T\u00e3o simples que assusta.<\/p>\n\n\n\n<p>O mais interessante \u00e9 que essa simplifica\u00e7\u00e3o n\u00e3o veio de um insight genial de algum burocrata iluminado. Veio do cansa\u00e7o coletivo. Do reconhecimento tardio de que talvez, s\u00f3 talvez, tornar a vida dos cidad\u00e3os um inferno tribut\u00e1rio n\u00e3o fosse a melhor estrat\u00e9gia para desenvolver um pa\u00eds. Ideia radical, certamente.<\/p>\n\n\n\n<h2 class=\"wp-block-heading\">Adeus, Guerra Fiscal (E Ol\u00e1, L\u00f3gica Econ\u00f4mica)<\/h2>\n\n\n\n<p>Durante d\u00e9cadas, estados e munic\u00edpios travaram uma guerra de trincheiras tribut\u00e1rias que faria Sun Tzu revirar no t\u00famulo e escrever um adendo ao &#8220;A Arte da Guerra&#8221; intitulado &#8220;Como N\u00e3o Fazer Pol\u00edtica Fiscal&#8221;. &#8220;Venha para c\u00e1, nosso ICMS \u00e9 menor!&#8221; &#8220;N\u00e3o, venha para c\u00e1, damos isen\u00e7\u00e3o total!&#8221; &#8220;Esperem, n\u00f3s pagamos para voc\u00eas virem!&#8221;<\/p>\n\n\n\n<p>O resultado? Um sistema fragmentado onde empresas contratavam mais advogados tribut\u00e1rios que engenheiros, mais contadores que vendedores. Um pa\u00eds onde a decis\u00e3o de onde abrir uma f\u00e1brica dependia menos da log\u00edstica, m\u00e3o de obra qualificada ou proximidade com mercados consumidores, e mais de qual governador oferecia o maior desconto tribut\u00e1rio. Como se desenvolver um neg\u00f3cio fosse uma grande promo\u00e7\u00e3o de Black Friday permanente.<\/p>\n\n\n\n<p>A reforma tribut\u00e1ria implementa o princ\u00edpio do destino: em vez de recolher imposto onde se produz, recolhe-se onde se consome. Revolucion\u00e1rio na simplicidade, \u00f3bvio na l\u00f3gica.<\/p>\n\n\n\n<p>Mas aqui vem a reviravolta t\u00edpica brasileira: essa mudan\u00e7a \u00f3bvia levou quase um s\u00e9culo para acontecer. N\u00e3o por incompet\u00eancia t\u00e9cnica, mas porque mexer no sistema tribut\u00e1rio no Brasil \u00e9 como tentar trocar o pneu de um carro em movimento, durante uma tempestade, com os passageiros gritando instru\u00e7\u00f5es diferentes. Todo mundo sabe o que precisa ser feito, mas ningu\u00e9m quer ser o primeiro a tentar.<\/p>\n\n\n\n<h2 class=\"wp-block-heading\">Como a Reforma Tribut\u00e1ria Criou o Imposto do Pecado (E Descobriu a Moral Fiscal)<\/h2>\n\n\n\n<p>Todo sistema tribut\u00e1rio precisa de um vil\u00e3o, e nossa reforma tribut\u00e1ria criou o Imposto Seletivo carinhosamente conhecido como &#8220;imposto do pecado&#8221;. Porque aparentemente precis\u00e1vamos oficializar o que todo brasileiro j\u00e1 sabia: se faz mal, paga mais caro. \u00c9 quase po\u00e9tico na simplicidade moral.<\/p>\n\n\n\n<p>Cigarros, bebidas alco\u00f3licas, combust\u00edveis f\u00f3sseis e alimentos ultraprocessados podem entrar na lista dos &#8220;produtos que fazem mal e por isso pagam caro&#8221;. \u00c9 a vers\u00e3o fiscal daquela m\u00e3e que dizia: &#8220;Se vai fazer besteira, pelo menos vai pagar caro por ela.&#8221; S\u00f3 que agora com lei aprovada no Congresso e tudo.<\/p>\n\n\n\n<p>Economistas adoram esse conceito; chamam de &#8220;internaliza\u00e7\u00e3o de externalidades&#8221;. Traduzindo do econom\u00eas para o portugu\u00eas: quem causa problema ajuda a pagar a solu\u00e7\u00e3o. \u00c9 quase uma li\u00e7\u00e3o de moral aplicada aos tributos. Fuma? Ajuda a pagar o SUS. Bebe? Contribui para o tratamento de dependentes. Come ultraprocessado? Financia pesquisa em diabetes.<\/p>\n\n\n\n<p>\u00c9 uma abordagem interessante porque transforma o ato de tributar em uma esp\u00e9cie de educa\u00e7\u00e3o financeira for\u00e7ada. O governo deixa de apenas arrecadar e passa a cutucar comportamentos. N\u00e3o \u00e9 mais s\u00f3 &#8220;precisamos de dinheiro&#8221;, mas &#8220;precisamos de dinheiro E voc\u00eas precisam repensar algumas escolhas&#8221;. Uma pegada paternalista que, convenhamos, combina perfeitamente com o jeito brasileiro de governar.<\/p>\n\n\n\n<p>O que torna tudo isso ainda mais fascinante \u00e9 que o &#8220;imposto do pecado&#8221; pode acabar sendo o mais honesto de todos os tributos. Pelo menos \u00e9 transparente na inten\u00e7\u00e3o: &#8220;Isso faz mal, voc\u00ea sabe que faz mal, n\u00f3s sabemos que voc\u00ea sabe, ent\u00e3o vamos tornar isso mais caro para desencorajar o consumo&#8221;. Nada de disfarces, eufemismos fiscais ou justificativas rebuscadas. \u00c9 pecado fiscal assumido.<\/p>\n\n\n\n<h2 class=\"wp-block-heading\">Menos Burocracia, Mais Vida (Promessas Que Podem Se Cumprir)<\/h2>\n\n\n\n<p>Se existe algo que todo empres\u00e1rio brasileiro sabe de cor \u00e9 que burocracia aqui n\u00e3o \u00e9 problema \u00e9 tradi\u00e7\u00e3o cultural. Uma tradi\u00e7\u00e3o t\u00e3o arraigada quanto futebol, carnaval e reclamar do governo. Mas a reforma tribut\u00e1ria promete quebrar essa tradi\u00e7\u00e3o de forma quase sacra: menos complica\u00e7\u00e3o, n\u00e3o mais.<\/p>\n\n\n\n<p>Em vez de cinco tributos diferentes, cada um com suas regras pr\u00f3prias, prazos espec\u00edficos, fiscaliza\u00e7\u00f5es independentes e uma equipe de especialistas para explicar por que nada disso faz sentido, teremos dois tributos padronizados. Uma \u00fanica declara\u00e7\u00e3o, um \u00fanico sistema, um \u00fanico protocolo. \u00c9 quase po\u00e9tico na simplicidade. Quase suspeito de t\u00e3o l\u00f3gico.<\/p>\n\n\n\n<p>Imagine s\u00f3: em vez de contratar uma equipe de contadores especializados em decifrar os mist\u00e9rios do PIS, outro grupo para os enigmas da Cofins, um terceiro para as armadilhas do ICMS e ainda um quarto para as pegadinhas do ISS, as empresas poder\u00e3o ter profissionais que realmente entendem o sistema como um todo. Uma \u00fanica linguagem tribut\u00e1ria e uma \u00fanica l\u00f3gica. Uma \u00fanica dor de cabe\u00e7a, em vez de cinco.<\/p>\n\n\n\n<p>\u00c9 claro que os c\u00e9ticos (categoria na qual me incluo sem vergonha) questionam se isso realmente vai funcionar. Afinal, estamos falando do Brasil, pa\u00eds que conseguiu transformar a simples tarefa de declarar Imposto de Renda em um ritual anual que combina elementos de confession\u00e1rio cat\u00f3lico, exame vestibular e terapia de casal. Mas a diferen\u00e7a \u00e9 que desta vez a simplifica\u00e7\u00e3o n\u00e3o \u00e9 apenas promessa eleitoral \u00e9 lei constitucional.<\/p>\n\n\n\n<p>E aqui est\u00e1 o detalhe que pode fazer toda a diferen\u00e7a: a reforma n\u00e3o foi pensada apenas por pol\u00edticos querendo se reeleger, mas com participa\u00e7\u00e3o efetiva de quem realmente entende do assunto. Economistas, advogados tribut\u00e1rios, contadores, empres\u00e1rios. Gente que vive no dia a dia a realidade fiscal brasileira.<\/p>\n\n\n\n<h2 class=\"wp-block-heading\">O Que a Reforma Tribut\u00e1ria Mudar\u00e1 no Seu Bolso (E na Sua Sanidade Mental)<\/h2>\n\n\n\n<p>A pergunta que n\u00e3o quer calar: quanto isso vai doer? A resposta \u00e9 tipicamente brasileira: depende. Mas desta vez o &#8220;depende&#8221; vem com manual de instru\u00e7\u00f5es, cronograma detalhado e at\u00e9 simuladores online. Um avan\u00e7o e tanto para os padr\u00f5es nacionais.<\/p>\n\n\n\n<p>A reforma tribut\u00e1ria beneficia principalmente a ind\u00fastria, que deixar\u00e1 de acumular impostos ao longo da cadeia produtiva como uma bola de neve fiscal descendo ladeira abaixo e ganhando massa a cada etapa. O famoso &#8220;imposto sobre imposto&#8221; que fazia produtos brasileiros sa\u00edrem da f\u00e1brica j\u00e1 mais caros que similares importados.<\/p>\n\n\n\n<p>Servi\u00e7os com poucos insumos consultorias, escrit\u00f3rios, cl\u00ednicas, aquele seu primo que virou coach qu\u00e2ntico podem enfrentar realidade diferente. Mas calma: a reforma prev\u00ea descontos para \u00e1reas essenciais e tratamento especial para profissionais aut\u00f4nomos. A ideia n\u00e3o \u00e9 quebrar ningu\u00e9m, mas equalizar a carga entre setores. \u00c9 quase um conceito de justi\u00e7a fiscal aplicada.<\/p>\n\n\n\n<p>Para consumidores, especialmente fam\u00edlias de baixa renda, v\u00eam isen\u00e7\u00f5es na cesta b\u00e1sica e o famoso &#8220;cashback&#8221; que devolve parte do imposto pago em produtos essenciais. \u00c9 democracia fiscal aplicada. O governo finalmente admitindo que feij\u00e3o, arroz e leite n\u00e3o s\u00e3o produtos de luxo, por mais que os pre\u00e7os \u00e0s vezes sugiram o contr\u00e1rio.<\/p>\n\n\n\n<p>Mas o que realmente muda \u00e9 algo mais sutil e talvez mais importante: a previsibilidade. Pela primeira vez em d\u00e9cadas, empres\u00e1rios poder\u00e3o fazer planejamento tribut\u00e1rio sem precisar de uma bola de cristal ou um advogado especializado em leitura de cartas de tar\u00f4 fiscal. Poder\u00e3o calcular custos, projetar investimentos e tomar decis\u00f5es baseadas em n\u00fameros concretos, n\u00e3o em interpreta\u00e7\u00f5es cabal\u00edsticas de portarias ministeriais.<\/p>\n\n\n\n<p>\u00c9 uma mudan\u00e7a de mentalidade empresarial profunda. Em vez de gastar energia mental tentando driblar o sistema tribut\u00e1rio, poder\u00e3o focar no que realmente importa: fazer neg\u00f3cios, gerar empregos, inovar. Conceitos que haviam virado quase abstratos em nossa realidade econ\u00f4mica.<\/p>\n\n\n\n<h2 class=\"wp-block-heading\">Cronograma: Roma N\u00e3o Se Fez em Um Dia (Mas o Brasil Tenta em Oito Anos)<\/h2>\n\n\n\n<p>A reforma tribut\u00e1ria n\u00e3o acontece do dia para a noite. N\u00e3o somos a Fran\u00e7a revolucion\u00e1ria guilhotinando o sistema antigo numa tarde de julho. O cronograma \u00e9 prudente, quase conservador: em 2026, come\u00e7amos com test drive IVA dual com al\u00edquota simb\u00f3lica de 1%. \u00c9 como come\u00e7ar a dirigir num estacionamento vazio antes de pegar a estrada.<\/p>\n\n\n\n<p>Em 2027, a CBS federal entra em opera\u00e7\u00e3o completa. Entre 2029 e 2033, ICMS e ISS saem gradualmente de cena enquanto o IBS assume o protagonismo. \u00c9 uma dan\u00e7a sincronizada de oito anos, tempo suficiente para adapta\u00e7\u00e3o sem quebradeira generalizada. Ou pelo menos \u00e9 o que esperamos.<\/p>\n\n\n\n<p>Estados que viviam de incentivos fiscais como se fossem traficantes de isen\u00e7\u00f5es t\u00eam 50 anos para se reinventar, com fundos de compensa\u00e7\u00e3o garantindo sobreviv\u00eancia. Meio s\u00e9culo para descobrir outras formas de atrair investimentos que n\u00e3o sejam baseadas em dar desconto no imposto. \u00c9 tempo mais que suficiente para qualquer governador minimamente criativo inventar outras formas de competitividade.<\/p>\n\n\n\n<p>O que impressiona nesse cronograma \u00e9 a paci\u00eancia institucional. Nada de mudan\u00e7as bruscas, implementa\u00e7\u00f5es apressadas ou aquela pressa t\u00edpica brasileira de &#8220;vamos logo com isso que o mandato acaba ano que vem&#8221;. \u00c9 planejamento de Estado, n\u00e3o de governo. Uma maturidade pol\u00edtica rara em nossas terras tupiniquins.<\/p>\n\n\n\n<p>Claro que oito anos tamb\u00e9m significa que a reforma vai atravessar pelo menos duas elei\u00e7\u00f5es presidenciais, v\u00e1rias elei\u00e7\u00f5es estaduais e municipais, crises econ\u00f4micas, esc\u00e2ndalos pol\u00edticos e provavelmente algumas tentativas de sabotagem por parte de quem se beneficiava do sistema anterior. Vai ser uma maratona de resist\u00eancia pol\u00edtica e t\u00e9cnica.<\/p>\n\n\n\n<h2 class=\"wp-block-heading\">Por Que Isso Importa Para Voc\u00ea (E Para Seus Netos)<\/h2>\n\n\n\n<p>Esta reforma tribut\u00e1ria representa a maior transforma\u00e7\u00e3o fiscal desde os anos 1930. N\u00e3o \u00e9 exagero; \u00e9 constata\u00e7\u00e3o hist\u00f3rica. Para pequenos e m\u00e9dios empres\u00e1rios, significa fim daqueles c\u00e1lculos malucos sobre onde estabelecer filiais baseados em al\u00edquotas diferenciadas e in\u00edcio de uma era onde decis\u00f5es voltam a ser puramente econ\u00f4micas.<\/p>\n\n\n\n<p>\u00c9 tamb\u00e9m oportunidade de reposicionamento estrat\u00e9gico. Empresas que se adaptarem primeiro e melhor ter\u00e3o vantagem competitiva em mercado mais previs\u00edvel e transparente. N\u00e3o \u00e9 mais sobre quem conhece melhor os meandros tribut\u00e1rios, mas sobre quem realmente oferece melhor produto ou servi\u00e7o pelo melhor pre\u00e7o.<\/p>\n\n\n\n<p>Para o cidad\u00e3o comum, significa produtos mais baratos (em tese), menos burocracia para abrir empresa, mais clareza sobre quanto realmente paga de imposto e, principalmente, a possibilidade de cobrar efici\u00eancia do Estado com base em n\u00fameros concretos. Quando voc\u00ea sabe exatamente quanto paga de imposto, fica mais f\u00e1cil questionar como esse dinheiro \u00e9 gasto.<\/p>\n\n\n\n<p>Mas o impacto vai al\u00e9m do econ\u00f4mico. \u00c9 uma mudan\u00e7a cultural. A reforma tribut\u00e1ria pode finalmente quebrar aquela mentalidade brasileira de que &#8220;imposto \u00e9 roubo legalizado&#8221; e substitu\u00ed-la por &#8220;imposto \u00e9 investimento social transparente&#8221;. Pode transformar a rela\u00e7\u00e3o entre cidad\u00e3o e Estado de uma guerra de trincheiras em uma parceria funcional.<\/p>\n\n\n\n<p>\u00c9 ut\u00f3pico demais? Talvez. Mas considerando de onde viemos um sistema tribut\u00e1rio que parecia ter sido projetado por inimigos do desenvolvimento econ\u00f4mico qualquer mudan\u00e7a na dire\u00e7\u00e3o da l\u00f3gica j\u00e1 \u00e9 vit\u00f3ria consider\u00e1vel.<\/p>\n\n\n\n<p>A reforma tribut\u00e1ria brasileira tamb\u00e9m pode servir de exemplo para outros pa\u00edses com sistemas igualmente complexos. Pode virar case de estudo em universidades mundo afora sobre como uma democracia consegue reformar estruturalmente seus sistemas sem quebrar a economia ou gerar revolu\u00e7\u00e3o social. N\u00e3o \u00e9 pouco.<\/p>\n\n\n\n<h2 class=\"wp-block-heading\">O Futuro Fiscal Que Nos Espera (Com Todas as Incertezas T\u00edpicas)<\/h2>\n\n\n\n<p>A reforma tribut\u00e1ria brasileira promete ser a mudan\u00e7a geracional que todos esper\u00e1vamos. Resta saber se cumprir\u00e1 as promessas ou se entrar\u00e1 para a galeria das boas inten\u00e7\u00f5es mal executadas que caracterizam nossa hist\u00f3ria institucional. O hist\u00f3rico n\u00e3o ajuda muito na confian\u00e7a, mas o desenho t\u00e9cnico da proposta impressiona at\u00e9 os c\u00e9ticos mais ferrenhos.<\/p>\n\n\n\n<p>Uma coisa \u00e9 certa: quem se preparar bem navegar\u00e1 melhor neste novo mar tribut\u00e1rio. E quem navegar bem pode transformar mudan\u00e7a em oportunidade. \u00c9 a diferen\u00e7a entre ser atropelado pela hist\u00f3ria e surfar na onda da transforma\u00e7\u00e3o.<\/p>\n\n\n\n<p>O mais interessante de tudo \u00e9 que pela primeira vez em d\u00e9cadas temos uma reforma estrutural que n\u00e3o nasceu de crise aguda, esc\u00e2ndalo pol\u00edtico ou press\u00e3o externa. Nasceu do reconhecimento coletivo de que nosso sistema tribut\u00e1rio havia se tornado um obst\u00e1culo ao pr\u00f3prio desenvolvimento nacional. \u00c9 quase uma demonstra\u00e7\u00e3o de maturidade institucional.<\/p>\n\n\n\n<p>Claro que ainda h\u00e1 riscos. A implementa\u00e7\u00e3o pode desandar, interesses corporativos podem sabotar, mudan\u00e7as pol\u00edticas podem alterar o rumo. Mas o fato de a reforma ter chegado at\u00e9 aqui, ter virado emenda constitucional, ter cronograma detalhado e contar com apoio t\u00e9cnico qualificado j\u00e1 \u00e9 mais do que conseguimos em d\u00e9cadas de tentativas anteriores.<\/p>\n\n\n\n<p>No final das contas, talvez o mais revolucion\u00e1rio desta reforma n\u00e3o seja nem a simplifica\u00e7\u00e3o tribut\u00e1ria em si, mas a prova de que o Brasil consegue, sim, fazer mudan\u00e7as estruturais profundas quando h\u00e1 vontade pol\u00edtica real e participa\u00e7\u00e3o t\u00e9cnica qualificada. \u00c9 uma li\u00e7\u00e3o que pode se aplicar a outras \u00e1reas carentes de reforma: previd\u00eancia, pol\u00edtica, educa\u00e7\u00e3o, sa\u00fade.<\/p>\n\n\n\n<p>Se conseguimos reformar nosso sistema tribut\u00e1rio um dos mais complexos e ineficientes do mundo talvez consigamos reformar outras coisas tamb\u00e9m. \u00c9 uma perspectiva animadora para quem ainda acredita que este pa\u00eds tem conserto.<\/p>\n\n\n\n<hr class=\"wp-block-separator has-alpha-channel-opacity\"\/>\n\n\n\n<p><em>Precisa de orienta\u00e7\u00e3o especializada para navegar na Reforma Tribut\u00e1ria? A Regency Contabilidade acompanha todas as etapas desta transi\u00e7\u00e3o hist\u00f3rica.<\/em><\/p>\n\n\n\n<p><em>Entre em contato conosco e transforme os desafios da reforma em vantagens para seu neg\u00f3cio.<\/em><\/p>\n\n\n\n<div class=\"wp-block-buttons is-content-justification-center is-layout-flex wp-container-core-buttons-is-layout-16018d1d wp-block-buttons-is-layout-flex\">\n<div class=\"wp-block-button\"><a class=\"wp-block-button__link wp-element-button\" href=\"https:\/\/regencycontabil.com.br\/site\/materialeducativo\/80\/reforma-tributaria--um-guia-para-empresarios-que-nao-querem-dormir-lendo-sobre-impostos\">BAIXAR E-BOOK AGORA!<\/a><\/div>\n<\/div>\n","protected":false},"excerpt":{"rendered":"<p>H\u00e1 90 anos, Get\u00falio Vargas olhou para o sistema tribut\u00e1rio brasileiro e pensou: &#8220;Que tal complicarmos isso um pouquinho mais?&#8221; A reforma tribut\u00e1ria de 2023 finalmente disse: &#8220;Chega.&#8221; <a href=\"https:\/\/regencycontabil.com.br\/blog\/2025\/07\/reforma-tributaria-o-fim-do-pesadelo-fiscal-brasileiro\/\">Continue lendo <span class=\"meta-nav\">&rarr;<\/span><\/a><\/p>\n","protected":false},"author":1,"featured_media":451,"comment_status":"closed","ping_status":"open","sticky":false,"template":"","format":"standard","meta":{"footnotes":""},"categories":[150],"tags":[146,147,149,148],"class_list":["post-450","post","type-post","status-publish","format-standard","has-post-thumbnail","hentry","category-reforma-tributaria","tag-reforma-tributaria","tag-reforma-tributaria-2025","tag-reforma-tributaria-impostos","tag-reforma-tributaria-o-que-e"],"yoast_head":"<!-- This site is optimized with the Yoast SEO plugin v27.5 - https:\/\/yoast.com\/product\/yoast-seo-wordpress\/ -->\n<title>Reforma tribut\u00e1ria: o fim do pesadelo fiscal brasileiro - Regency Contabilidade Digital e Consultiva Ltda<\/title>\n<meta name=\"description\" content=\"A reforma tribut\u00e1ria brasileira promete acabar com d\u00e9cadas de confus\u00e3o fiscal. Entenda as mudan\u00e7as que v\u00e3o transformar sua empresa.\" \/>\n<meta name=\"robots\" content=\"index, follow, max-snippet:-1, max-image-preview:large, max-video-preview:-1\" \/>\n<link rel=\"canonical\" href=\"https:\/\/regencycontabil.com.br\/blog\/2025\/07\/reforma-tributaria-o-fim-do-pesadelo-fiscal-brasileiro\/\" \/>\n<meta property=\"og:locale\" content=\"pt_BR\" \/>\n<meta property=\"og:type\" content=\"article\" \/>\n<meta property=\"og:title\" content=\"Reforma tribut\u00e1ria: o fim do pesadelo fiscal brasileiro - Regency Contabilidade Digital e Consultiva Ltda\" \/>\n<meta property=\"og:description\" content=\"A reforma tribut\u00e1ria brasileira promete acabar com d\u00e9cadas de confus\u00e3o fiscal. Entenda as mudan\u00e7as que v\u00e3o transformar sua empresa.\" \/>\n<meta property=\"og:url\" content=\"https:\/\/regencycontabil.com.br\/blog\/2025\/07\/reforma-tributaria-o-fim-do-pesadelo-fiscal-brasileiro\/\" \/>\n<meta property=\"og:site_name\" content=\"Regency Contabilidade Digital e Consultiva Ltda\" \/>\n<meta property=\"article:publisher\" content=\"https:\/\/www.facebook.com\/regencycontabil\" \/>\n<meta property=\"article:published_time\" content=\"2025-07-28T16:57:34+00:00\" \/>\n<meta property=\"article:modified_time\" content=\"2025-07-28T16:57:36+00:00\" \/>\n<meta property=\"og:image\" content=\"https:\/\/regencycontabil.com.br\/blog\/wp-content\/uploads\/2025\/07\/1.png\" \/>\n\t<meta property=\"og:image:width\" content=\"1200\" \/>\n\t<meta property=\"og:image:height\" content=\"630\" \/>\n\t<meta property=\"og:image:type\" content=\"image\/png\" \/>\n<meta name=\"author\" content=\"Regency Contabilidade\" \/>\n<meta name=\"twitter:card\" content=\"summary_large_image\" \/>\n<meta name=\"twitter:label1\" content=\"Escrito por\" \/>\n\t<meta name=\"twitter:data1\" content=\"Regency Contabilidade\" \/>\n\t<meta name=\"twitter:label2\" content=\"Est. tempo de leitura\" \/>\n\t<meta name=\"twitter:data2\" content=\"14 minutos\" \/>\n<script type=\"application\/ld+json\" class=\"yoast-schema-graph\">{\"@context\":\"https:\\\/\\\/schema.org\",\"@graph\":[{\"@type\":\"Article\",\"@id\":\"https:\\\/\\\/regencycontabil.com.br\\\/blog\\\/2025\\\/07\\\/reforma-tributaria-o-fim-do-pesadelo-fiscal-brasileiro\\\/#article\",\"isPartOf\":{\"@id\":\"https:\\\/\\\/regencycontabil.com.br\\\/blog\\\/2025\\\/07\\\/reforma-tributaria-o-fim-do-pesadelo-fiscal-brasileiro\\\/\"},\"author\":{\"name\":\"Regency Contabilidade\",\"@id\":\"https:\\\/\\\/regencycontabil.com.br\\\/blog\\\/#\\\/schema\\\/person\\\/aa139a0ec1ac2f1cfcec6c83d8346797\"},\"headline\":\"Reforma tribut\u00e1ria: o fim do pesadelo fiscal brasileiro\",\"datePublished\":\"2025-07-28T16:57:34+00:00\",\"dateModified\":\"2025-07-28T16:57:36+00:00\",\"mainEntityOfPage\":{\"@id\":\"https:\\\/\\\/regencycontabil.com.br\\\/blog\\\/2025\\\/07\\\/reforma-tributaria-o-fim-do-pesadelo-fiscal-brasileiro\\\/\"},\"wordCount\":2595,\"publisher\":{\"@id\":\"https:\\\/\\\/regencycontabil.com.br\\\/blog\\\/#organization\"},\"image\":{\"@id\":\"https:\\\/\\\/regencycontabil.com.br\\\/blog\\\/2025\\\/07\\\/reforma-tributaria-o-fim-do-pesadelo-fiscal-brasileiro\\\/#primaryimage\"},\"thumbnailUrl\":\"https:\\\/\\\/regencycontabil.com.br\\\/blog\\\/wp-content\\\/uploads\\\/2025\\\/07\\\/1.png\",\"keywords\":[\"reforma-tributaria\",\"reforma-tributaria-2025\",\"reforma-tributaria-impostos\",\"reforma-tributaria-o-que-e\"],\"articleSection\":[\"Reforma Tribut\u00e1ria\"],\"inLanguage\":\"pt-BR\"},{\"@type\":\"WebPage\",\"@id\":\"https:\\\/\\\/regencycontabil.com.br\\\/blog\\\/2025\\\/07\\\/reforma-tributaria-o-fim-do-pesadelo-fiscal-brasileiro\\\/\",\"url\":\"https:\\\/\\\/regencycontabil.com.br\\\/blog\\\/2025\\\/07\\\/reforma-tributaria-o-fim-do-pesadelo-fiscal-brasileiro\\\/\",\"name\":\"Reforma tribut\u00e1ria: o fim do pesadelo fiscal brasileiro - Regency Contabilidade Digital e Consultiva Ltda\",\"isPartOf\":{\"@id\":\"https:\\\/\\\/regencycontabil.com.br\\\/blog\\\/#website\"},\"primaryImageOfPage\":{\"@id\":\"https:\\\/\\\/regencycontabil.com.br\\\/blog\\\/2025\\\/07\\\/reforma-tributaria-o-fim-do-pesadelo-fiscal-brasileiro\\\/#primaryimage\"},\"image\":{\"@id\":\"https:\\\/\\\/regencycontabil.com.br\\\/blog\\\/2025\\\/07\\\/reforma-tributaria-o-fim-do-pesadelo-fiscal-brasileiro\\\/#primaryimage\"},\"thumbnailUrl\":\"https:\\\/\\\/regencycontabil.com.br\\\/blog\\\/wp-content\\\/uploads\\\/2025\\\/07\\\/1.png\",\"datePublished\":\"2025-07-28T16:57:34+00:00\",\"dateModified\":\"2025-07-28T16:57:36+00:00\",\"description\":\"A reforma tribut\u00e1ria brasileira promete acabar com d\u00e9cadas de confus\u00e3o fiscal. Entenda as mudan\u00e7as que v\u00e3o transformar sua empresa.\",\"breadcrumb\":{\"@id\":\"https:\\\/\\\/regencycontabil.com.br\\\/blog\\\/2025\\\/07\\\/reforma-tributaria-o-fim-do-pesadelo-fiscal-brasileiro\\\/#breadcrumb\"},\"inLanguage\":\"pt-BR\",\"potentialAction\":[{\"@type\":\"ReadAction\",\"target\":[\"https:\\\/\\\/regencycontabil.com.br\\\/blog\\\/2025\\\/07\\\/reforma-tributaria-o-fim-do-pesadelo-fiscal-brasileiro\\\/\"]}]},{\"@type\":\"ImageObject\",\"inLanguage\":\"pt-BR\",\"@id\":\"https:\\\/\\\/regencycontabil.com.br\\\/blog\\\/2025\\\/07\\\/reforma-tributaria-o-fim-do-pesadelo-fiscal-brasileiro\\\/#primaryimage\",\"url\":\"https:\\\/\\\/regencycontabil.com.br\\\/blog\\\/wp-content\\\/uploads\\\/2025\\\/07\\\/1.png\",\"contentUrl\":\"https:\\\/\\\/regencycontabil.com.br\\\/blog\\\/wp-content\\\/uploads\\\/2025\\\/07\\\/1.png\",\"width\":1200,\"height\":630},{\"@type\":\"BreadcrumbList\",\"@id\":\"https:\\\/\\\/regencycontabil.com.br\\\/blog\\\/2025\\\/07\\\/reforma-tributaria-o-fim-do-pesadelo-fiscal-brasileiro\\\/#breadcrumb\",\"itemListElement\":[{\"@type\":\"ListItem\",\"position\":1,\"name\":\"In\u00edcio\",\"item\":\"https:\\\/\\\/regencycontabil.com.br\\\/blog\\\/\"},{\"@type\":\"ListItem\",\"position\":2,\"name\":\"Reforma tribut\u00e1ria: o fim do pesadelo fiscal brasileiro\"}]},{\"@type\":\"WebSite\",\"@id\":\"https:\\\/\\\/regencycontabil.com.br\\\/blog\\\/#website\",\"url\":\"https:\\\/\\\/regencycontabil.com.br\\\/blog\\\/\",\"name\":\"Regency Contabilidade Digital e Consultiva Ltda\",\"description\":\"Contabilidade Digital e Consultiva\",\"publisher\":{\"@id\":\"https:\\\/\\\/regencycontabil.com.br\\\/blog\\\/#organization\"},\"potentialAction\":[{\"@type\":\"SearchAction\",\"target\":{\"@type\":\"EntryPoint\",\"urlTemplate\":\"https:\\\/\\\/regencycontabil.com.br\\\/blog\\\/?s={search_term_string}\"},\"query-input\":{\"@type\":\"PropertyValueSpecification\",\"valueRequired\":true,\"valueName\":\"search_term_string\"}}],\"inLanguage\":\"pt-BR\"},{\"@type\":\"Organization\",\"@id\":\"https:\\\/\\\/regencycontabil.com.br\\\/blog\\\/#organization\",\"name\":\"Regency Contabilidade\",\"url\":\"https:\\\/\\\/regencycontabil.com.br\\\/blog\\\/\",\"logo\":{\"@type\":\"ImageObject\",\"inLanguage\":\"pt-BR\",\"@id\":\"https:\\\/\\\/regencycontabil.com.br\\\/blog\\\/#\\\/schema\\\/logo\\\/image\\\/\",\"url\":\"https:\\\/\\\/regencycontabil.com.br\\\/blog\\\/wp-content\\\/uploads\\\/2022\\\/07\\\/Logotipo_Regency_02.png\",\"contentUrl\":\"https:\\\/\\\/regencycontabil.com.br\\\/blog\\\/wp-content\\\/uploads\\\/2022\\\/07\\\/Logotipo_Regency_02.png\",\"width\":843,\"height\":533,\"caption\":\"Regency Contabilidade\"},\"image\":{\"@id\":\"https:\\\/\\\/regencycontabil.com.br\\\/blog\\\/#\\\/schema\\\/logo\\\/image\\\/\"},\"sameAs\":[\"https:\\\/\\\/www.facebook.com\\\/regencycontabil\",\"https:\\\/\\\/www.instagram.com\\\/regencycontabil\\\/\"]},{\"@type\":\"Person\",\"@id\":\"https:\\\/\\\/regencycontabil.com.br\\\/blog\\\/#\\\/schema\\\/person\\\/aa139a0ec1ac2f1cfcec6c83d8346797\",\"name\":\"Regency Contabilidade\",\"image\":{\"@type\":\"ImageObject\",\"inLanguage\":\"pt-BR\",\"@id\":\"https:\\\/\\\/secure.gravatar.com\\\/avatar\\\/2f21ceacbeb3c478b386a75791cb70cab3a1b793085a5278a493dc64c83ab752?s=96&d=mm&r=g\",\"url\":\"https:\\\/\\\/secure.gravatar.com\\\/avatar\\\/2f21ceacbeb3c478b386a75791cb70cab3a1b793085a5278a493dc64c83ab752?s=96&d=mm&r=g\",\"contentUrl\":\"https:\\\/\\\/secure.gravatar.com\\\/avatar\\\/2f21ceacbeb3c478b386a75791cb70cab3a1b793085a5278a493dc64c83ab752?s=96&d=mm&r=g\",\"caption\":\"Regency Contabilidade\"},\"sameAs\":[\"https:\\\/\\\/regencycontabil.com.br\\\/blog\"],\"url\":\"https:\\\/\\\/regencycontabil.com.br\\\/blog\\\/author\\\/admin\\\/\"}]}<\/script>\n<!-- \/ Yoast SEO plugin. -->","yoast_head_json":{"title":"Reforma tribut\u00e1ria: o fim do pesadelo fiscal brasileiro - Regency Contabilidade Digital e Consultiva Ltda","description":"A reforma tribut\u00e1ria brasileira promete acabar com d\u00e9cadas de confus\u00e3o fiscal. Entenda as mudan\u00e7as que v\u00e3o transformar sua empresa.","robots":{"index":"index","follow":"follow","max-snippet":"max-snippet:-1","max-image-preview":"max-image-preview:large","max-video-preview":"max-video-preview:-1"},"canonical":"https:\/\/regencycontabil.com.br\/blog\/2025\/07\/reforma-tributaria-o-fim-do-pesadelo-fiscal-brasileiro\/","og_locale":"pt_BR","og_type":"article","og_title":"Reforma tribut\u00e1ria: o fim do pesadelo fiscal brasileiro - Regency Contabilidade Digital e Consultiva Ltda","og_description":"A reforma tribut\u00e1ria brasileira promete acabar com d\u00e9cadas de confus\u00e3o fiscal. Entenda as mudan\u00e7as que v\u00e3o transformar sua empresa.","og_url":"https:\/\/regencycontabil.com.br\/blog\/2025\/07\/reforma-tributaria-o-fim-do-pesadelo-fiscal-brasileiro\/","og_site_name":"Regency Contabilidade Digital e Consultiva Ltda","article_publisher":"https:\/\/www.facebook.com\/regencycontabil","article_published_time":"2025-07-28T16:57:34+00:00","article_modified_time":"2025-07-28T16:57:36+00:00","og_image":[{"width":1200,"height":630,"url":"https:\/\/regencycontabil.com.br\/blog\/wp-content\/uploads\/2025\/07\/1.png","type":"image\/png"}],"author":"Regency Contabilidade","twitter_card":"summary_large_image","twitter_misc":{"Escrito por":"Regency Contabilidade","Est. tempo de leitura":"14 minutos"},"schema":{"@context":"https:\/\/schema.org","@graph":[{"@type":"Article","@id":"https:\/\/regencycontabil.com.br\/blog\/2025\/07\/reforma-tributaria-o-fim-do-pesadelo-fiscal-brasileiro\/#article","isPartOf":{"@id":"https:\/\/regencycontabil.com.br\/blog\/2025\/07\/reforma-tributaria-o-fim-do-pesadelo-fiscal-brasileiro\/"},"author":{"name":"Regency Contabilidade","@id":"https:\/\/regencycontabil.com.br\/blog\/#\/schema\/person\/aa139a0ec1ac2f1cfcec6c83d8346797"},"headline":"Reforma tribut\u00e1ria: o fim do pesadelo fiscal brasileiro","datePublished":"2025-07-28T16:57:34+00:00","dateModified":"2025-07-28T16:57:36+00:00","mainEntityOfPage":{"@id":"https:\/\/regencycontabil.com.br\/blog\/2025\/07\/reforma-tributaria-o-fim-do-pesadelo-fiscal-brasileiro\/"},"wordCount":2595,"publisher":{"@id":"https:\/\/regencycontabil.com.br\/blog\/#organization"},"image":{"@id":"https:\/\/regencycontabil.com.br\/blog\/2025\/07\/reforma-tributaria-o-fim-do-pesadelo-fiscal-brasileiro\/#primaryimage"},"thumbnailUrl":"https:\/\/regencycontabil.com.br\/blog\/wp-content\/uploads\/2025\/07\/1.png","keywords":["reforma-tributaria","reforma-tributaria-2025","reforma-tributaria-impostos","reforma-tributaria-o-que-e"],"articleSection":["Reforma Tribut\u00e1ria"],"inLanguage":"pt-BR"},{"@type":"WebPage","@id":"https:\/\/regencycontabil.com.br\/blog\/2025\/07\/reforma-tributaria-o-fim-do-pesadelo-fiscal-brasileiro\/","url":"https:\/\/regencycontabil.com.br\/blog\/2025\/07\/reforma-tributaria-o-fim-do-pesadelo-fiscal-brasileiro\/","name":"Reforma tribut\u00e1ria: o fim do pesadelo fiscal brasileiro - Regency Contabilidade Digital e Consultiva Ltda","isPartOf":{"@id":"https:\/\/regencycontabil.com.br\/blog\/#website"},"primaryImageOfPage":{"@id":"https:\/\/regencycontabil.com.br\/blog\/2025\/07\/reforma-tributaria-o-fim-do-pesadelo-fiscal-brasileiro\/#primaryimage"},"image":{"@id":"https:\/\/regencycontabil.com.br\/blog\/2025\/07\/reforma-tributaria-o-fim-do-pesadelo-fiscal-brasileiro\/#primaryimage"},"thumbnailUrl":"https:\/\/regencycontabil.com.br\/blog\/wp-content\/uploads\/2025\/07\/1.png","datePublished":"2025-07-28T16:57:34+00:00","dateModified":"2025-07-28T16:57:36+00:00","description":"A reforma tribut\u00e1ria brasileira promete acabar com d\u00e9cadas de confus\u00e3o fiscal. Entenda as mudan\u00e7as que v\u00e3o transformar sua empresa.","breadcrumb":{"@id":"https:\/\/regencycontabil.com.br\/blog\/2025\/07\/reforma-tributaria-o-fim-do-pesadelo-fiscal-brasileiro\/#breadcrumb"},"inLanguage":"pt-BR","potentialAction":[{"@type":"ReadAction","target":["https:\/\/regencycontabil.com.br\/blog\/2025\/07\/reforma-tributaria-o-fim-do-pesadelo-fiscal-brasileiro\/"]}]},{"@type":"ImageObject","inLanguage":"pt-BR","@id":"https:\/\/regencycontabil.com.br\/blog\/2025\/07\/reforma-tributaria-o-fim-do-pesadelo-fiscal-brasileiro\/#primaryimage","url":"https:\/\/regencycontabil.com.br\/blog\/wp-content\/uploads\/2025\/07\/1.png","contentUrl":"https:\/\/regencycontabil.com.br\/blog\/wp-content\/uploads\/2025\/07\/1.png","width":1200,"height":630},{"@type":"BreadcrumbList","@id":"https:\/\/regencycontabil.com.br\/blog\/2025\/07\/reforma-tributaria-o-fim-do-pesadelo-fiscal-brasileiro\/#breadcrumb","itemListElement":[{"@type":"ListItem","position":1,"name":"In\u00edcio","item":"https:\/\/regencycontabil.com.br\/blog\/"},{"@type":"ListItem","position":2,"name":"Reforma tribut\u00e1ria: o fim do pesadelo fiscal brasileiro"}]},{"@type":"WebSite","@id":"https:\/\/regencycontabil.com.br\/blog\/#website","url":"https:\/\/regencycontabil.com.br\/blog\/","name":"Regency Contabilidade Digital e Consultiva Ltda","description":"Contabilidade Digital e Consultiva","publisher":{"@id":"https:\/\/regencycontabil.com.br\/blog\/#organization"},"potentialAction":[{"@type":"SearchAction","target":{"@type":"EntryPoint","urlTemplate":"https:\/\/regencycontabil.com.br\/blog\/?s={search_term_string}"},"query-input":{"@type":"PropertyValueSpecification","valueRequired":true,"valueName":"search_term_string"}}],"inLanguage":"pt-BR"},{"@type":"Organization","@id":"https:\/\/regencycontabil.com.br\/blog\/#organization","name":"Regency Contabilidade","url":"https:\/\/regencycontabil.com.br\/blog\/","logo":{"@type":"ImageObject","inLanguage":"pt-BR","@id":"https:\/\/regencycontabil.com.br\/blog\/#\/schema\/logo\/image\/","url":"https:\/\/regencycontabil.com.br\/blog\/wp-content\/uploads\/2022\/07\/Logotipo_Regency_02.png","contentUrl":"https:\/\/regencycontabil.com.br\/blog\/wp-content\/uploads\/2022\/07\/Logotipo_Regency_02.png","width":843,"height":533,"caption":"Regency Contabilidade"},"image":{"@id":"https:\/\/regencycontabil.com.br\/blog\/#\/schema\/logo\/image\/"},"sameAs":["https:\/\/www.facebook.com\/regencycontabil","https:\/\/www.instagram.com\/regencycontabil\/"]},{"@type":"Person","@id":"https:\/\/regencycontabil.com.br\/blog\/#\/schema\/person\/aa139a0ec1ac2f1cfcec6c83d8346797","name":"Regency Contabilidade","image":{"@type":"ImageObject","inLanguage":"pt-BR","@id":"https:\/\/secure.gravatar.com\/avatar\/2f21ceacbeb3c478b386a75791cb70cab3a1b793085a5278a493dc64c83ab752?s=96&d=mm&r=g","url":"https:\/\/secure.gravatar.com\/avatar\/2f21ceacbeb3c478b386a75791cb70cab3a1b793085a5278a493dc64c83ab752?s=96&d=mm&r=g","contentUrl":"https:\/\/secure.gravatar.com\/avatar\/2f21ceacbeb3c478b386a75791cb70cab3a1b793085a5278a493dc64c83ab752?s=96&d=mm&r=g","caption":"Regency Contabilidade"},"sameAs":["https:\/\/regencycontabil.com.br\/blog"],"url":"https:\/\/regencycontabil.com.br\/blog\/author\/admin\/"}]}},"_links":{"self":[{"href":"https:\/\/regencycontabil.com.br\/blog\/wp-json\/wp\/v2\/posts\/450","targetHints":{"allow":["GET"]}}],"collection":[{"href":"https:\/\/regencycontabil.com.br\/blog\/wp-json\/wp\/v2\/posts"}],"about":[{"href":"https:\/\/regencycontabil.com.br\/blog\/wp-json\/wp\/v2\/types\/post"}],"author":[{"embeddable":true,"href":"https:\/\/regencycontabil.com.br\/blog\/wp-json\/wp\/v2\/users\/1"}],"replies":[{"embeddable":true,"href":"https:\/\/regencycontabil.com.br\/blog\/wp-json\/wp\/v2\/comments?post=450"}],"version-history":[{"count":2,"href":"https:\/\/regencycontabil.com.br\/blog\/wp-json\/wp\/v2\/posts\/450\/revisions"}],"predecessor-version":[{"id":455,"href":"https:\/\/regencycontabil.com.br\/blog\/wp-json\/wp\/v2\/posts\/450\/revisions\/455"}],"wp:featuredmedia":[{"embeddable":true,"href":"https:\/\/regencycontabil.com.br\/blog\/wp-json\/wp\/v2\/media\/451"}],"wp:attachment":[{"href":"https:\/\/regencycontabil.com.br\/blog\/wp-json\/wp\/v2\/media?parent=450"}],"wp:term":[{"taxonomy":"category","embeddable":true,"href":"https:\/\/regencycontabil.com.br\/blog\/wp-json\/wp\/v2\/categories?post=450"},{"taxonomy":"post_tag","embeddable":true,"href":"https:\/\/regencycontabil.com.br\/blog\/wp-json\/wp\/v2\/tags?post=450"}],"curies":[{"name":"wp","href":"https:\/\/api.w.org\/{rel}","templated":true}]}}